{"id":1623,"date":"2016-06-11T14:34:40","date_gmt":"2016-06-11T19:34:40","guid":{"rendered":"http:\/\/danielcooperlawyer.com\/?p=1623"},"modified":"2023-05-17T18:44:33","modified_gmt":"2023-05-17T18:44:33","slug":"droit-de-famille-09408-2009-qcca-397-canlii","status":"publish","type":"post","link":"https:\/\/lawcf.ca\/fr\/droit-de-famille-09408-2009-qcca-397-canlii\/","title":{"rendered":"Droit de la famille &#8211; 09408, 2009 QCCA 397 (CanLII)"},"content":{"rendered":"<p><strong>Les faits: <\/strong>Les parties ont \u00e9t\u00e9 mari\u00e9es 11 ans.\u00a0\u00a0<a href=\"http:\/\/canlii.ca\/t\/22r3k\" target=\"_blank\" rel=\"noopener\">D\u00e9cision<\/a>\u00a0<a href=\"http:\/\/canlii.ca\/t\/22r3k\" target=\"_blank\" rel=\"noopener\">Compl<u>\u00e8<\/u>te<\/a>. Ils se sont s\u00e9par\u00e9s en 2004 lorsque l\u2019\u00e9pouse (la D\u00e9fenderesse) \u00e2g\u00e9e de 37 ans et d\u00e9tentrice d\u2019un dipl\u00f4me d\u2019ing\u00e9nieure.\u00a0 Au moment du divorce en 2009, la d\u00e9fenderesse, \u00e2g\u00e9e de 41 ans, n\u2019ayant fait aucun effort pour obtenir de l\u2019emploi.\u00a0 En 2007, la d\u00e9fenderesse s\u2019\u00e9tait inscrite dans un programme \u00ab\u00a0Illustration &amp; Design\u00a0\u00bb.<\/p>\n<p><strong>D\u00e9cision<\/strong>\u00a0: Le tribunal constate que la d\u00e9cision de la d\u00e9fenderesse de s\u2019inscrire dans un nouveau domaine est un choix personnel ayant un potentiel \u00e9conomique r\u00e9duit et que son manque d\u2019ind\u00e9pendance financi\u00e8re n\u2019est pas un r\u00e9sultat de la rupture du mariage. \u00a0Plut\u00f4t, c&rsquo;est le choix personnel de la d\u00e9fenderesse, qu\u2019elle doit assumer la responsabilit\u00e9. \u00c9tant donn\u00e9 que le nouveau cours de la d\u00e9fenderesse se termine en juin 2010, le tribunal fixe un terme\u00a0de 10 mois pour la\u00a0pension alimentaire, c\u2019est-\u00e0-dire jusqu\u2019au 31 d\u00e9cembre 2010<\/p>\n","protected":false},"excerpt":{"rendered":"<p>Les faits: Les parties ont \u00e9t\u00e9 mari\u00e9es 11 ans. Ils se sont s\u00e9par\u00e9s en 2004 lorsque l\u2019\u00e9pouse (la D\u00e9fenderesse) \u00e2g\u00e9e de 37 ans et d\u00e9tentrice d\u2019un dipl\u00f4me d\u2019ing\u00e9nieure.\u00a0<\/p>\n","protected":false},"author":7,"featured_media":0,"comment_status":"closed","ping_status":"closed","sticky":false,"template":"","format":"standard","meta":{"_acf_changed":false,"footnotes":""},"categories":[23,24],"tags":[],"class_list":["post-1623","post","type-post","status-publish","format-standard","hentry","category-droit-de-la-famille-cat","category-pension-epoux-cat"],"acf":[],"yoast_head":"<!-- This site is optimized with the Yoast SEO plugin v27.5 - https:\/\/yoast.com\/product\/yoast-seo-wordpress\/ -->\n<title>Droit de la famille - 09408, 2009 QCCA 397 (CanLII) | Alice Florian Avocate<\/title>\n<meta name=\"robots\" content=\"index, follow, max-snippet:-1, max-image-preview:large, max-video-preview:-1\" \/>\n<link rel=\"canonical\" href=\"https:\/\/lawcf.ca\/fr\/droit-de-famille-09408-2009-qcca-397-canlii\/\" \/>\n<meta property=\"og:locale\" content=\"fr_CA\" \/>\n<meta property=\"og:type\" content=\"article\" \/>\n<meta property=\"og:title\" content=\"Droit de la famille - 09408, 2009 QCCA 397 (CanLII) | Alice Florian Avocate\" \/>\n<meta property=\"og:description\" content=\"Les faits: Les parties ont \u00e9t\u00e9 mari\u00e9es 11 ans. Ils se sont s\u00e9par\u00e9s en 2004 lorsque l\u2019\u00e9pouse (la D\u00e9fenderesse) \u00e2g\u00e9e de 37 ans et d\u00e9tentrice d\u2019un dipl\u00f4me d\u2019ing\u00e9nieure.\u00a0\" \/>\n<meta property=\"og:url\" content=\"https:\/\/lawcf.ca\/fr\/droit-de-famille-09408-2009-qcca-397-canlii\/\" \/>\n<meta property=\"og:site_name\" content=\"Alice Florian Avocate\" \/>\n<meta property=\"article:published_time\" content=\"2016-06-11T19:34:40+00:00\" \/>\n<meta property=\"article:modified_time\" content=\"2023-05-17T18:44:33+00:00\" \/>\n<meta name=\"author\" content=\"Daniel Cooper\" \/>\n<meta name=\"twitter:card\" content=\"summary_large_image\" \/>\n<meta name=\"twitter:label1\" content=\"\u00c9crit par\" \/>\n\t<meta name=\"twitter:data1\" content=\"Daniel Cooper\" \/>\n\t<meta name=\"twitter:label2\" content=\"Estimation du temps de lecture\" \/>\n\t<meta name=\"twitter:data2\" content=\"1 minute\" \/>\n<script type=\"application\/ld+json\" class=\"yoast-schema-graph\">{\"@context\":\"https:\\\/\\\/schema.org\",\"@graph\":[{\"@type\":\"Article\",\"@id\":\"https:\\\/\\\/lawcf.ca\\\/fr\\\/droit-de-famille-09408-2009-qcca-397-canlii\\\/#article\",\"isPartOf\":{\"@id\":\"https:\\\/\\\/lawcf.ca\\\/fr\\\/droit-de-famille-09408-2009-qcca-397-canlii\\\/\"},\"author\":{\"name\":\"Daniel Cooper\",\"@id\":\"https:\\\/\\\/lawcf.ca\\\/fr\\\/#\\\/schema\\\/person\\\/58a7105ec8b06a6bd011af9824ea121d\"},\"headline\":\"Droit de la famille &#8211; 09408, 2009 QCCA 397 (CanLII)\",\"datePublished\":\"2016-06-11T19:34:40+00:00\",\"dateModified\":\"2023-05-17T18:44:33+00:00\",\"mainEntityOfPage\":{\"@id\":\"https:\\\/\\\/lawcf.ca\\\/fr\\\/droit-de-famille-09408-2009-qcca-397-canlii\\\/\"},\"wordCount\":180,\"articleSection\":[\"Droit de la famille\",\"Pension \u00e9poux\"],\"inLanguage\":\"fr-CA\"},{\"@type\":\"WebPage\",\"@id\":\"https:\\\/\\\/lawcf.ca\\\/fr\\\/droit-de-famille-09408-2009-qcca-397-canlii\\\/\",\"url\":\"https:\\\/\\\/lawcf.ca\\\/fr\\\/droit-de-famille-09408-2009-qcca-397-canlii\\\/\",\"name\":\"Droit de la famille - 09408, 2009 QCCA 397 (CanLII) | Alice Florian Avocate\",\"isPartOf\":{\"@id\":\"https:\\\/\\\/lawcf.ca\\\/fr\\\/#website\"},\"datePublished\":\"2016-06-11T19:34:40+00:00\",\"dateModified\":\"2023-05-17T18:44:33+00:00\",\"author\":{\"@id\":\"https:\\\/\\\/lawcf.ca\\\/fr\\\/#\\\/schema\\\/person\\\/58a7105ec8b06a6bd011af9824ea121d\"},\"breadcrumb\":{\"@id\":\"https:\\\/\\\/lawcf.ca\\\/fr\\\/droit-de-famille-09408-2009-qcca-397-canlii\\\/#breadcrumb\"},\"inLanguage\":\"fr-CA\",\"potentialAction\":[{\"@type\":\"ReadAction\",\"target\":[\"https:\\\/\\\/lawcf.ca\\\/fr\\\/droit-de-famille-09408-2009-qcca-397-canlii\\\/\"]}]},{\"@type\":\"BreadcrumbList\",\"@id\":\"https:\\\/\\\/lawcf.ca\\\/fr\\\/droit-de-famille-09408-2009-qcca-397-canlii\\\/#breadcrumb\",\"itemListElement\":[{\"@type\":\"ListItem\",\"position\":1,\"name\":\"Accueil\",\"item\":\"https:\\\/\\\/lawcf.ca\\\/fr\\\/\"},{\"@type\":\"ListItem\",\"position\":2,\"name\":\"Droit de la famille &#8211; 09408, 2009 QCCA 397 (CanLII)\"}]},{\"@type\":\"WebSite\",\"@id\":\"https:\\\/\\\/lawcf.ca\\\/fr\\\/#website\",\"url\":\"https:\\\/\\\/lawcf.ca\\\/fr\\\/\",\"name\":\"Alice Florian Avocate\",\"description\":\"\",\"potentialAction\":[{\"@type\":\"SearchAction\",\"target\":{\"@type\":\"EntryPoint\",\"urlTemplate\":\"https:\\\/\\\/lawcf.ca\\\/fr\\\/?s={search_term_string}\"},\"query-input\":{\"@type\":\"PropertyValueSpecification\",\"valueRequired\":true,\"valueName\":\"search_term_string\"}}],\"inLanguage\":\"fr-CA\"},{\"@type\":\"Person\",\"@id\":\"https:\\\/\\\/lawcf.ca\\\/fr\\\/#\\\/schema\\\/person\\\/58a7105ec8b06a6bd011af9824ea121d\",\"name\":\"Daniel Cooper\",\"image\":{\"@type\":\"ImageObject\",\"inLanguage\":\"fr-CA\",\"@id\":\"https:\\\/\\\/secure.gravatar.com\\\/avatar\\\/45739b30b813a38d8e327825efe4a4721b323ed3def6bb97fe975be207a80f19?s=96&d=mm&r=g\",\"url\":\"https:\\\/\\\/secure.gravatar.com\\\/avatar\\\/45739b30b813a38d8e327825efe4a4721b323ed3def6bb97fe975be207a80f19?s=96&d=mm&r=g\",\"contentUrl\":\"https:\\\/\\\/secure.gravatar.com\\\/avatar\\\/45739b30b813a38d8e327825efe4a4721b323ed3def6bb97fe975be207a80f19?s=96&d=mm&r=g\",\"caption\":\"Daniel Cooper\"}}]}<\/script>\n<!-- \/ Yoast SEO plugin. -->","yoast_head_json":{"title":"Droit de la famille - 09408, 2009 QCCA 397 (CanLII) | Alice Florian Avocate","robots":{"index":"index","follow":"follow","max-snippet":"max-snippet:-1","max-image-preview":"max-image-preview:large","max-video-preview":"max-video-preview:-1"},"canonical":"https:\/\/lawcf.ca\/fr\/droit-de-famille-09408-2009-qcca-397-canlii\/","og_locale":"fr_CA","og_type":"article","og_title":"Droit de la famille - 09408, 2009 QCCA 397 (CanLII) | Alice Florian Avocate","og_description":"Les faits: Les parties ont \u00e9t\u00e9 mari\u00e9es 11 ans. Ils se sont s\u00e9par\u00e9s en 2004 lorsque l\u2019\u00e9pouse (la D\u00e9fenderesse) \u00e2g\u00e9e de 37 ans et d\u00e9tentrice d\u2019un dipl\u00f4me d\u2019ing\u00e9nieure.\u00a0","og_url":"https:\/\/lawcf.ca\/fr\/droit-de-famille-09408-2009-qcca-397-canlii\/","og_site_name":"Alice Florian Avocate","article_published_time":"2016-06-11T19:34:40+00:00","article_modified_time":"2023-05-17T18:44:33+00:00","author":"Daniel Cooper","twitter_card":"summary_large_image","twitter_misc":{"\u00c9crit par":"Daniel Cooper","Estimation du temps de lecture":"1 minute"},"schema":{"@context":"https:\/\/schema.org","@graph":[{"@type":"Article","@id":"https:\/\/lawcf.ca\/fr\/droit-de-famille-09408-2009-qcca-397-canlii\/#article","isPartOf":{"@id":"https:\/\/lawcf.ca\/fr\/droit-de-famille-09408-2009-qcca-397-canlii\/"},"author":{"name":"Daniel Cooper","@id":"https:\/\/lawcf.ca\/fr\/#\/schema\/person\/58a7105ec8b06a6bd011af9824ea121d"},"headline":"Droit de la famille &#8211; 09408, 2009 QCCA 397 (CanLII)","datePublished":"2016-06-11T19:34:40+00:00","dateModified":"2023-05-17T18:44:33+00:00","mainEntityOfPage":{"@id":"https:\/\/lawcf.ca\/fr\/droit-de-famille-09408-2009-qcca-397-canlii\/"},"wordCount":180,"articleSection":["Droit de la famille","Pension \u00e9poux"],"inLanguage":"fr-CA"},{"@type":"WebPage","@id":"https:\/\/lawcf.ca\/fr\/droit-de-famille-09408-2009-qcca-397-canlii\/","url":"https:\/\/lawcf.ca\/fr\/droit-de-famille-09408-2009-qcca-397-canlii\/","name":"Droit de la famille - 09408, 2009 QCCA 397 (CanLII) | Alice Florian Avocate","isPartOf":{"@id":"https:\/\/lawcf.ca\/fr\/#website"},"datePublished":"2016-06-11T19:34:40+00:00","dateModified":"2023-05-17T18:44:33+00:00","author":{"@id":"https:\/\/lawcf.ca\/fr\/#\/schema\/person\/58a7105ec8b06a6bd011af9824ea121d"},"breadcrumb":{"@id":"https:\/\/lawcf.ca\/fr\/droit-de-famille-09408-2009-qcca-397-canlii\/#breadcrumb"},"inLanguage":"fr-CA","potentialAction":[{"@type":"ReadAction","target":["https:\/\/lawcf.ca\/fr\/droit-de-famille-09408-2009-qcca-397-canlii\/"]}]},{"@type":"BreadcrumbList","@id":"https:\/\/lawcf.ca\/fr\/droit-de-famille-09408-2009-qcca-397-canlii\/#breadcrumb","itemListElement":[{"@type":"ListItem","position":1,"name":"Accueil","item":"https:\/\/lawcf.ca\/fr\/"},{"@type":"ListItem","position":2,"name":"Droit de la famille &#8211; 09408, 2009 QCCA 397 (CanLII)"}]},{"@type":"WebSite","@id":"https:\/\/lawcf.ca\/fr\/#website","url":"https:\/\/lawcf.ca\/fr\/","name":"Alice Florian Avocate","description":"","potentialAction":[{"@type":"SearchAction","target":{"@type":"EntryPoint","urlTemplate":"https:\/\/lawcf.ca\/fr\/?s={search_term_string}"},"query-input":{"@type":"PropertyValueSpecification","valueRequired":true,"valueName":"search_term_string"}}],"inLanguage":"fr-CA"},{"@type":"Person","@id":"https:\/\/lawcf.ca\/fr\/#\/schema\/person\/58a7105ec8b06a6bd011af9824ea121d","name":"Daniel Cooper","image":{"@type":"ImageObject","inLanguage":"fr-CA","@id":"https:\/\/secure.gravatar.com\/avatar\/45739b30b813a38d8e327825efe4a4721b323ed3def6bb97fe975be207a80f19?s=96&d=mm&r=g","url":"https:\/\/secure.gravatar.com\/avatar\/45739b30b813a38d8e327825efe4a4721b323ed3def6bb97fe975be207a80f19?s=96&d=mm&r=g","contentUrl":"https:\/\/secure.gravatar.com\/avatar\/45739b30b813a38d8e327825efe4a4721b323ed3def6bb97fe975be207a80f19?s=96&d=mm&r=g","caption":"Daniel Cooper"}}]}},"_links":{"self":[{"href":"https:\/\/lawcf.ca\/fr\/wp-json\/wp\/v2\/posts\/1623","targetHints":{"allow":["GET"]}}],"collection":[{"href":"https:\/\/lawcf.ca\/fr\/wp-json\/wp\/v2\/posts"}],"about":[{"href":"https:\/\/lawcf.ca\/fr\/wp-json\/wp\/v2\/types\/post"}],"author":[{"embeddable":true,"href":"https:\/\/lawcf.ca\/fr\/wp-json\/wp\/v2\/users\/7"}],"replies":[{"embeddable":true,"href":"https:\/\/lawcf.ca\/fr\/wp-json\/wp\/v2\/comments?post=1623"}],"version-history":[{"count":1,"href":"https:\/\/lawcf.ca\/fr\/wp-json\/wp\/v2\/posts\/1623\/revisions"}],"predecessor-version":[{"id":4774,"href":"https:\/\/lawcf.ca\/fr\/wp-json\/wp\/v2\/posts\/1623\/revisions\/4774"}],"wp:attachment":[{"href":"https:\/\/lawcf.ca\/fr\/wp-json\/wp\/v2\/media?parent=1623"}],"wp:term":[{"taxonomy":"category","embeddable":true,"href":"https:\/\/lawcf.ca\/fr\/wp-json\/wp\/v2\/categories?post=1623"},{"taxonomy":"post_tag","embeddable":true,"href":"https:\/\/lawcf.ca\/fr\/wp-json\/wp\/v2\/tags?post=1623"}],"curies":[{"name":"wp","href":"https:\/\/api.w.org\/{rel}","templated":true}]}}