{"id":1847,"date":"2016-08-23T09:12:43","date_gmt":"2016-08-23T14:12:43","guid":{"rendered":"http:\/\/danielcooperlawyer.com\/?p=1847"},"modified":"2023-05-17T17:54:24","modified_gmt":"2023-05-17T17:54:24","slug":"droit-de-la-famille-132210-2013-qcca-1398-canlii","status":"publish","type":"post","link":"https:\/\/lawcf.ca\/fr\/droit-de-la-famille-132210-2013-qcca-1398-canlii\/","title":{"rendered":"Droit de la famille &#8211; 132210 2013 QCCA 1398 (CanLII)"},"content":{"rendered":"<p><strong>Question en litige<\/strong>: Disponibilit\u00e9 et garde. \u00a0<a href=\"http:\/\/canlii.ca\/t\/g049j\">D\u00e9cision compl\u00e8te.<\/a><\/p>\n<p><strong>D\u00e9cision<\/strong>: La cour pr\u00e9cise que la disponibilit\u00e9 d\u2019un parent est \u00ab\u00a0l\u2019un des \u00e9l\u00e9ments importants \u00e0 consid\u00e9rer pour le temps de garde\u00a0\u00bb et que cette disponibilit\u00e9 ne doit pas \u00eatre \u00e9valu\u00e9 uniquement quantitativement, mais aussi, qualitativement.<\/p>\n","protected":false},"excerpt":{"rendered":"<p>Question en litige: Disponibilit\u00e9 et garde. \u00a0<\/p>\n<p>D\u00e9cision: La cour pr\u00e9cise que la disponibilit\u00e9 d\u2019un parent est \u00abl&rsquo;un des \u00e9l\u00e9ments importants \u00e0 consid\u00e9rer pour le temps de garde\u00bb.<\/p>\n","protected":false},"author":7,"featured_media":0,"comment_status":"closed","ping_status":"closed","sticky":false,"template":"","format":"standard","meta":{"_acf_changed":false,"footnotes":""},"categories":[23,25],"tags":[],"class_list":["post-1847","post","type-post","status-publish","format-standard","hentry","category-droit-de-la-famille-cat","category-garde-enfant-cat"],"acf":[],"yoast_head":"<!-- This site is optimized with the Yoast SEO plugin v27.4 - https:\/\/yoast.com\/product\/yoast-seo-wordpress\/ -->\n<title>Droit de la famille - 132210 2013 QCCA 1398 (CanLII) | Alice Florian Avocate<\/title>\n<meta name=\"robots\" content=\"index, follow, max-snippet:-1, max-image-preview:large, max-video-preview:-1\" \/>\n<link rel=\"canonical\" href=\"https:\/\/lawcf.ca\/fr\/droit-de-la-famille-132210-2013-qcca-1398-canlii\/\" \/>\n<meta property=\"og:locale\" content=\"fr_CA\" \/>\n<meta property=\"og:type\" content=\"article\" \/>\n<meta property=\"og:title\" content=\"Droit de la famille - 132210 2013 QCCA 1398 (CanLII) | Alice Florian Avocate\" \/>\n<meta property=\"og:description\" content=\"Question en litige: Disponibilit\u00e9 et garde. \u00a0 D\u00e9cision: La cour pr\u00e9cise que la disponibilit\u00e9 d\u2019un parent est \u00abl&#039;un des \u00e9l\u00e9ments importants \u00e0 consid\u00e9rer pour le temps de garde\u00bb.\" \/>\n<meta property=\"og:url\" content=\"https:\/\/lawcf.ca\/fr\/droit-de-la-famille-132210-2013-qcca-1398-canlii\/\" \/>\n<meta property=\"og:site_name\" content=\"Alice Florian Avocate\" \/>\n<meta property=\"article:published_time\" content=\"2016-08-23T14:12:43+00:00\" \/>\n<meta property=\"article:modified_time\" content=\"2023-05-17T17:54:24+00:00\" \/>\n<meta name=\"author\" content=\"Daniel Cooper\" \/>\n<meta name=\"twitter:card\" content=\"summary_large_image\" \/>\n<meta name=\"twitter:label1\" content=\"\u00c9crit par\" \/>\n\t<meta name=\"twitter:data1\" content=\"Daniel Cooper\" \/>\n\t<meta name=\"twitter:label2\" content=\"Estimation du temps de lecture\" \/>\n\t<meta name=\"twitter:data2\" content=\"1 minute\" \/>\n<script type=\"application\/ld+json\" class=\"yoast-schema-graph\">{\"@context\":\"https:\\\/\\\/schema.org\",\"@graph\":[{\"@type\":\"Article\",\"@id\":\"https:\\\/\\\/lawcf.ca\\\/fr\\\/droit-de-la-famille-132210-2013-qcca-1398-canlii\\\/#article\",\"isPartOf\":{\"@id\":\"https:\\\/\\\/lawcf.ca\\\/fr\\\/droit-de-la-famille-132210-2013-qcca-1398-canlii\\\/\"},\"author\":{\"name\":\"Daniel Cooper\",\"@id\":\"https:\\\/\\\/lawcf.ca\\\/fr\\\/#\\\/schema\\\/person\\\/58a7105ec8b06a6bd011af9824ea121d\"},\"headline\":\"Droit de la famille &#8211; 132210 2013 QCCA 1398 (CanLII)\",\"datePublished\":\"2016-08-23T14:12:43+00:00\",\"dateModified\":\"2023-05-17T17:54:24+00:00\",\"mainEntityOfPage\":{\"@id\":\"https:\\\/\\\/lawcf.ca\\\/fr\\\/droit-de-la-famille-132210-2013-qcca-1398-canlii\\\/\"},\"wordCount\":57,\"articleSection\":[\"Droit de la famille\",\"Garde d'enfants\"],\"inLanguage\":\"fr-CA\"},{\"@type\":\"WebPage\",\"@id\":\"https:\\\/\\\/lawcf.ca\\\/fr\\\/droit-de-la-famille-132210-2013-qcca-1398-canlii\\\/\",\"url\":\"https:\\\/\\\/lawcf.ca\\\/fr\\\/droit-de-la-famille-132210-2013-qcca-1398-canlii\\\/\",\"name\":\"Droit de la famille - 132210 2013 QCCA 1398 (CanLII) | Alice Florian Avocate\",\"isPartOf\":{\"@id\":\"https:\\\/\\\/lawcf.ca\\\/fr\\\/#website\"},\"datePublished\":\"2016-08-23T14:12:43+00:00\",\"dateModified\":\"2023-05-17T17:54:24+00:00\",\"author\":{\"@id\":\"https:\\\/\\\/lawcf.ca\\\/fr\\\/#\\\/schema\\\/person\\\/58a7105ec8b06a6bd011af9824ea121d\"},\"breadcrumb\":{\"@id\":\"https:\\\/\\\/lawcf.ca\\\/fr\\\/droit-de-la-famille-132210-2013-qcca-1398-canlii\\\/#breadcrumb\"},\"inLanguage\":\"fr-CA\",\"potentialAction\":[{\"@type\":\"ReadAction\",\"target\":[\"https:\\\/\\\/lawcf.ca\\\/fr\\\/droit-de-la-famille-132210-2013-qcca-1398-canlii\\\/\"]}]},{\"@type\":\"BreadcrumbList\",\"@id\":\"https:\\\/\\\/lawcf.ca\\\/fr\\\/droit-de-la-famille-132210-2013-qcca-1398-canlii\\\/#breadcrumb\",\"itemListElement\":[{\"@type\":\"ListItem\",\"position\":1,\"name\":\"Accueil\",\"item\":\"https:\\\/\\\/lawcf.ca\\\/fr\\\/\"},{\"@type\":\"ListItem\",\"position\":2,\"name\":\"Droit de la famille &#8211; 132210 2013 QCCA 1398 (CanLII)\"}]},{\"@type\":\"WebSite\",\"@id\":\"https:\\\/\\\/lawcf.ca\\\/fr\\\/#website\",\"url\":\"https:\\\/\\\/lawcf.ca\\\/fr\\\/\",\"name\":\"Alice Florian Avocate\",\"description\":\"\",\"potentialAction\":[{\"@type\":\"SearchAction\",\"target\":{\"@type\":\"EntryPoint\",\"urlTemplate\":\"https:\\\/\\\/lawcf.ca\\\/fr\\\/?s={search_term_string}\"},\"query-input\":{\"@type\":\"PropertyValueSpecification\",\"valueRequired\":true,\"valueName\":\"search_term_string\"}}],\"inLanguage\":\"fr-CA\"},{\"@type\":\"Person\",\"@id\":\"https:\\\/\\\/lawcf.ca\\\/fr\\\/#\\\/schema\\\/person\\\/58a7105ec8b06a6bd011af9824ea121d\",\"name\":\"Daniel Cooper\",\"image\":{\"@type\":\"ImageObject\",\"inLanguage\":\"fr-CA\",\"@id\":\"https:\\\/\\\/secure.gravatar.com\\\/avatar\\\/45739b30b813a38d8e327825efe4a4721b323ed3def6bb97fe975be207a80f19?s=96&d=mm&r=g\",\"url\":\"https:\\\/\\\/secure.gravatar.com\\\/avatar\\\/45739b30b813a38d8e327825efe4a4721b323ed3def6bb97fe975be207a80f19?s=96&d=mm&r=g\",\"contentUrl\":\"https:\\\/\\\/secure.gravatar.com\\\/avatar\\\/45739b30b813a38d8e327825efe4a4721b323ed3def6bb97fe975be207a80f19?s=96&d=mm&r=g\",\"caption\":\"Daniel Cooper\"}}]}<\/script>\n<!-- \/ Yoast SEO plugin. -->","yoast_head_json":{"title":"Droit de la famille - 132210 2013 QCCA 1398 (CanLII) | Alice Florian Avocate","robots":{"index":"index","follow":"follow","max-snippet":"max-snippet:-1","max-image-preview":"max-image-preview:large","max-video-preview":"max-video-preview:-1"},"canonical":"https:\/\/lawcf.ca\/fr\/droit-de-la-famille-132210-2013-qcca-1398-canlii\/","og_locale":"fr_CA","og_type":"article","og_title":"Droit de la famille - 132210 2013 QCCA 1398 (CanLII) | Alice Florian Avocate","og_description":"Question en litige: Disponibilit\u00e9 et garde. \u00a0 D\u00e9cision: La cour pr\u00e9cise que la disponibilit\u00e9 d\u2019un parent est \u00abl'un des \u00e9l\u00e9ments importants \u00e0 consid\u00e9rer pour le temps de garde\u00bb.","og_url":"https:\/\/lawcf.ca\/fr\/droit-de-la-famille-132210-2013-qcca-1398-canlii\/","og_site_name":"Alice Florian Avocate","article_published_time":"2016-08-23T14:12:43+00:00","article_modified_time":"2023-05-17T17:54:24+00:00","author":"Daniel Cooper","twitter_card":"summary_large_image","twitter_misc":{"\u00c9crit par":"Daniel Cooper","Estimation du temps de lecture":"1 minute"},"schema":{"@context":"https:\/\/schema.org","@graph":[{"@type":"Article","@id":"https:\/\/lawcf.ca\/fr\/droit-de-la-famille-132210-2013-qcca-1398-canlii\/#article","isPartOf":{"@id":"https:\/\/lawcf.ca\/fr\/droit-de-la-famille-132210-2013-qcca-1398-canlii\/"},"author":{"name":"Daniel Cooper","@id":"https:\/\/lawcf.ca\/fr\/#\/schema\/person\/58a7105ec8b06a6bd011af9824ea121d"},"headline":"Droit de la famille &#8211; 132210 2013 QCCA 1398 (CanLII)","datePublished":"2016-08-23T14:12:43+00:00","dateModified":"2023-05-17T17:54:24+00:00","mainEntityOfPage":{"@id":"https:\/\/lawcf.ca\/fr\/droit-de-la-famille-132210-2013-qcca-1398-canlii\/"},"wordCount":57,"articleSection":["Droit de la famille","Garde d'enfants"],"inLanguage":"fr-CA"},{"@type":"WebPage","@id":"https:\/\/lawcf.ca\/fr\/droit-de-la-famille-132210-2013-qcca-1398-canlii\/","url":"https:\/\/lawcf.ca\/fr\/droit-de-la-famille-132210-2013-qcca-1398-canlii\/","name":"Droit de la famille - 132210 2013 QCCA 1398 (CanLII) | Alice Florian Avocate","isPartOf":{"@id":"https:\/\/lawcf.ca\/fr\/#website"},"datePublished":"2016-08-23T14:12:43+00:00","dateModified":"2023-05-17T17:54:24+00:00","author":{"@id":"https:\/\/lawcf.ca\/fr\/#\/schema\/person\/58a7105ec8b06a6bd011af9824ea121d"},"breadcrumb":{"@id":"https:\/\/lawcf.ca\/fr\/droit-de-la-famille-132210-2013-qcca-1398-canlii\/#breadcrumb"},"inLanguage":"fr-CA","potentialAction":[{"@type":"ReadAction","target":["https:\/\/lawcf.ca\/fr\/droit-de-la-famille-132210-2013-qcca-1398-canlii\/"]}]},{"@type":"BreadcrumbList","@id":"https:\/\/lawcf.ca\/fr\/droit-de-la-famille-132210-2013-qcca-1398-canlii\/#breadcrumb","itemListElement":[{"@type":"ListItem","position":1,"name":"Accueil","item":"https:\/\/lawcf.ca\/fr\/"},{"@type":"ListItem","position":2,"name":"Droit de la famille &#8211; 132210 2013 QCCA 1398 (CanLII)"}]},{"@type":"WebSite","@id":"https:\/\/lawcf.ca\/fr\/#website","url":"https:\/\/lawcf.ca\/fr\/","name":"Alice Florian Avocate","description":"","potentialAction":[{"@type":"SearchAction","target":{"@type":"EntryPoint","urlTemplate":"https:\/\/lawcf.ca\/fr\/?s={search_term_string}"},"query-input":{"@type":"PropertyValueSpecification","valueRequired":true,"valueName":"search_term_string"}}],"inLanguage":"fr-CA"},{"@type":"Person","@id":"https:\/\/lawcf.ca\/fr\/#\/schema\/person\/58a7105ec8b06a6bd011af9824ea121d","name":"Daniel Cooper","image":{"@type":"ImageObject","inLanguage":"fr-CA","@id":"https:\/\/secure.gravatar.com\/avatar\/45739b30b813a38d8e327825efe4a4721b323ed3def6bb97fe975be207a80f19?s=96&d=mm&r=g","url":"https:\/\/secure.gravatar.com\/avatar\/45739b30b813a38d8e327825efe4a4721b323ed3def6bb97fe975be207a80f19?s=96&d=mm&r=g","contentUrl":"https:\/\/secure.gravatar.com\/avatar\/45739b30b813a38d8e327825efe4a4721b323ed3def6bb97fe975be207a80f19?s=96&d=mm&r=g","caption":"Daniel Cooper"}}]}},"_links":{"self":[{"href":"https:\/\/lawcf.ca\/fr\/wp-json\/wp\/v2\/posts\/1847","targetHints":{"allow":["GET"]}}],"collection":[{"href":"https:\/\/lawcf.ca\/fr\/wp-json\/wp\/v2\/posts"}],"about":[{"href":"https:\/\/lawcf.ca\/fr\/wp-json\/wp\/v2\/types\/post"}],"author":[{"embeddable":true,"href":"https:\/\/lawcf.ca\/fr\/wp-json\/wp\/v2\/users\/7"}],"replies":[{"embeddable":true,"href":"https:\/\/lawcf.ca\/fr\/wp-json\/wp\/v2\/comments?post=1847"}],"version-history":[{"count":1,"href":"https:\/\/lawcf.ca\/fr\/wp-json\/wp\/v2\/posts\/1847\/revisions"}],"predecessor-version":[{"id":4751,"href":"https:\/\/lawcf.ca\/fr\/wp-json\/wp\/v2\/posts\/1847\/revisions\/4751"}],"wp:attachment":[{"href":"https:\/\/lawcf.ca\/fr\/wp-json\/wp\/v2\/media?parent=1847"}],"wp:term":[{"taxonomy":"category","embeddable":true,"href":"https:\/\/lawcf.ca\/fr\/wp-json\/wp\/v2\/categories?post=1847"},{"taxonomy":"post_tag","embeddable":true,"href":"https:\/\/lawcf.ca\/fr\/wp-json\/wp\/v2\/tags?post=1847"}],"curies":[{"name":"wp","href":"https:\/\/api.w.org\/{rel}","templated":true}]}}